{"id":808,"date":"2019-07-02T13:37:44","date_gmt":"2019-07-02T13:37:44","guid":{"rendered":"https:\/\/www.tellfilm.ch\/?p=808"},"modified":"2020-07-14T11:01:04","modified_gmt":"2020-07-14T11:01:04","slug":"die-eingeborenen-spielfilm","status":"publish","type":"post","link":"https:\/\/www.tellfilm.ch\/en\/2019\/07\/02\/die-eingeborenen-spielfilm\/","title":{"rendered":"Die Eingeborenen \u2013 Spielfilm"},"content":{"rendered":"\t\t<div data-elementor-type=\"wp-post\" data-elementor-id=\"808\" class=\"elementor elementor-808\" data-elementor-post-type=\"post\">\n\t\t\t\t\t\t<section data-particle_enable=\"false\" data-particle-mobile-disabled=\"false\" class=\"elementor-section elementor-top-section elementor-element elementor-element-2b06feb5 elementor-section-height-full elementor-section-items-top elementor-section-boxed elementor-section-height-default\" data-id=\"2b06feb5\" data-element_type=\"section\" data-e-type=\"section\" data-settings=\"{&quot;jet_parallax_layout_list&quot;:[{&quot;jet_parallax_layout_image&quot;:{&quot;url&quot;:&quot;&quot;,&quot;id&quot;:&quot;&quot;,&quot;size&quot;:&quot;&quot;},&quot;_id&quot;:&quot;1ca4c96&quot;,&quot;jet_parallax_layout_image_tablet&quot;:{&quot;url&quot;:&quot;&quot;,&quot;id&quot;:&quot;&quot;,&quot;size&quot;:&quot;&quot;},&quot;jet_parallax_layout_image_mobile&quot;:{&quot;url&quot;:&quot;&quot;,&quot;id&quot;:&quot;&quot;,&quot;size&quot;:&quot;&quot;},&quot;jet_parallax_layout_speed&quot;:{&quot;unit&quot;:&quot;%&quot;,&quot;size&quot;:50,&quot;sizes&quot;:[]},&quot;jet_parallax_layout_type&quot;:&quot;scroll&quot;,&quot;jet_parallax_layout_direction&quot;:&quot;1&quot;,&quot;jet_parallax_layout_fx_direction&quot;:null,&quot;jet_parallax_layout_z_index&quot;:&quot;&quot;,&quot;jet_parallax_layout_bg_x&quot;:50,&quot;jet_parallax_layout_bg_y&quot;:50,&quot;jet_parallax_layout_bg_size&quot;:&quot;auto&quot;,&quot;jet_parallax_layout_animation_prop&quot;:&quot;transform&quot;,&quot;jet_parallax_layout_on&quot;:[&quot;desktop&quot;,&quot;tablet&quot;],&quot;jet_parallax_layout_bg_x_tablet&quot;:&quot;&quot;,&quot;jet_parallax_layout_bg_x_mobile&quot;:&quot;&quot;,&quot;jet_parallax_layout_bg_y_tablet&quot;:&quot;&quot;,&quot;jet_parallax_layout_bg_y_mobile&quot;:&quot;&quot;,&quot;jet_parallax_layout_bg_size_tablet&quot;:&quot;&quot;,&quot;jet_parallax_layout_bg_size_mobile&quot;:&quot;&quot;}]}\">\n\t\t\t\t\t\t<div class=\"elementor-container elementor-column-gap-default\">\n\t\t\t\t\t<div class=\"elementor-column elementor-col-100 elementor-top-column elementor-element elementor-element-2429a32e\" data-id=\"2429a32e\" data-element_type=\"column\" data-e-type=\"column\">\n\t\t\t<div class=\"elementor-widget-wrap elementor-element-populated\">\n\t\t\t\t\t\t<div class=\"elementor-element elementor-element-e291fc2 elementor-widget elementor-widget-spacer\" data-id=\"e291fc2\" data-element_type=\"widget\" data-e-type=\"widget\" data-widget_type=\"spacer.default\">\n\t\t\t\t<div class=\"elementor-widget-container\">\n\t\t\t\t\t\t\t<div class=\"elementor-spacer\">\n\t\t\t<div class=\"elementor-spacer-inner\"><\/div>\n\t\t<\/div>\n\t\t\t\t\t\t<\/div>\n\t\t\t\t<\/div>\n\t\t\t\t<div class=\"elementor-element elementor-element-78ac2d8 elementor-widget elementor-widget-heading\" data-id=\"78ac2d8\" data-element_type=\"widget\" data-e-type=\"widget\" data-widget_type=\"heading.default\">\n\t\t\t\t<div class=\"elementor-widget-container\">\n\t\t\t\t\t<h2 class=\"elementor-heading-title elementor-size-default\">Die Eingeborenen \u2013 Spielfilme<\/h2>\t\t\t\t<\/div>\n\t\t\t\t<\/div>\n\t\t\t\t<div class=\"elementor-element elementor-element-724ac38d elementor-widget elementor-widget-text-editor\" data-id=\"724ac38d\" data-element_type=\"widget\" data-e-type=\"widget\" data-widget_type=\"text-editor.default\">\n\t\t\t\t<div class=\"elementor-widget-container\">\n\t\t\t\t\t\t\t\t\t\n<p>Die beiden jungen Filmemacher Marisa Meier (Produktion) und Denis Stormer (Regie) werden diesen Sommer ihren Debutfilm \u201cDie Eingeborenen\u201d drehen. tellfilm freut sich sehr als Produktionsfirma an diesem Projekt dabei zu sein.<\/p>\n\n\n\n<p>Zum Abschluss ihres Studiums and der Filmakademie Baden-W\u00fcrtemberg haben die beiden gemeinsam das Konzept f\u00fcr die Eingeborenen entwickelt und eine erste Fassung des Drehbuchs geschrieben. Mit Marisa Meier als Produzentin und Denis Stormer als Regisseur werden wir dieses Drehbuch nun umsetzen.<\/p>\n\n\n\n<p>Nachdem das Kreativteam mit \u201cDie Eingeborenen\u201d den Fast-Track Wettbewerb 2018 der Z\u00fcrcher Filmstiftung gewonnen hat, konnte es auch gleich losgehen. Der Spielfilm befindet sich momentan in der Vorproduktion.<\/p>\n\n\n\n<p>\u201cDie Eingeborenen\u201d ist eine fiktive transmediale Arbeit, die sich mit dem Erwachsenwerden besch\u00e4ftigt.&nbsp;Im Zentrum steht eine Gruppe sieben Jugendlicher in einem Dorf, wo ein Algorithmus \u00fcber das Erwachsenwerden entscheidet.<\/p>\n\n\n\n<p>Um die Kontraste der Jugend und der Erwachsenenwelt hervorzuheben, nutzt das Kreativteam zwei Medien:<\/p>\n\n\n\n<p>Eine Webserie mit losen Clips aus der ziellosen Lebenswelt dieser Jugendlichen. Ver\u00f6ffentlicht werden diese auf den f\u00fcr die jeweiligen Figuren geschaffenen Accounts in sozialen Netzwerken.<br>Diese Clips sind sowohl f\u00fcr die Schauspielenden als auch das Publikum als Vorbereitung auf den zweiten Teil zu sehen: Dem Langfilm f\u00fcrs Kino.<br>In diesem Film wird Wanja, eine der unbek\u00fcmmerten Jugendlichen, erwachsen. Sie lernt eine neue, effiziente Welt kennen und muss sich f\u00fcr eine Lebenswelt entscheiden.<\/p>\n\n\n\n<p><\/p>\n\t\t\t\t\t\t\t\t<\/div>\n\t\t\t\t<\/div>\n\t\t\t\t\t<\/div>\n\t\t<\/div>\n\t\t\t\t\t<\/div>\n\t\t<\/section>\n\t\t\t\t<\/div>\n\t\t","protected":false},"excerpt":{"rendered":"<p>Die Eingeborenen \u2013 Spielfilme Die beiden jungen Filmemacher Marisa Meier (Produktion) und Denis Stormer (Regie) werden diesen Sommer ihren Debutfilm \u201cDie Eingeborenen\u201d drehen. tellfilm freut sich sehr als Produktionsfirma an diesem Projekt dabei zu sein. Zum Abschluss ihres Studiums and der Filmakademie Baden-W\u00fcrtemberg haben die beiden gemeinsam das Konzept f\u00fcr die Eingeborenen entwickelt und eine [&hellip;]<\/p>\n","protected":false},"author":5,"featured_media":810,"comment_status":"closed","ping_status":"open","sticky":false,"template":"","format":"standard","meta":{"footnotes":""},"categories":[1],"tags":[],"class_list":["post-808","post","type-post","status-publish","format-standard","has-post-thumbnail","hentry","category-uncategorized"],"yoast_head":"<!-- This site is optimized with the Yoast SEO plugin v27.5 - https:\/\/yoast.com\/product\/yoast-seo-wordpress\/ -->\n<title>Die Eingeborenen \u2013 Spielfilm - tellfilm<\/title>\n<meta name=\"robots\" content=\"index, follow, max-snippet:-1, max-image-preview:large, max-video-preview:-1\" \/>\n<link rel=\"canonical\" href=\"https:\/\/www.tellfilm.ch\/en\/2019\/07\/02\/die-eingeborenen-spielfilm\/\" \/>\n<meta property=\"og:locale\" content=\"en_US\" \/>\n<meta property=\"og:type\" content=\"article\" \/>\n<meta property=\"og:title\" content=\"Die Eingeborenen \u2013 Spielfilm - tellfilm\" \/>\n<meta property=\"og:description\" content=\"Die Eingeborenen \u2013 Spielfilme Die beiden jungen Filmemacher Marisa Meier (Produktion) und Denis Stormer (Regie) werden diesen Sommer ihren Debutfilm \u201cDie Eingeborenen\u201d drehen. tellfilm freut sich sehr als Produktionsfirma an diesem Projekt dabei zu sein. Zum Abschluss ihres Studiums and der Filmakademie Baden-W\u00fcrtemberg haben die beiden gemeinsam das Konzept f\u00fcr die Eingeborenen entwickelt und eine [&hellip;]\" \/>\n<meta property=\"og:url\" content=\"https:\/\/www.tellfilm.ch\/en\/2019\/07\/02\/die-eingeborenen-spielfilm\/\" \/>\n<meta property=\"og:site_name\" content=\"tellfilm\" \/>\n<meta property=\"article:published_time\" content=\"2019-07-02T13:37:44+00:00\" \/>\n<meta property=\"article:modified_time\" content=\"2020-07-14T11:01:04+00:00\" \/>\n<meta property=\"og:image\" content=\"https:\/\/www.tellfilm.ch\/wp-content\/uploads\/2020\/06\/Screenshot-2019-07-02-at-09.34.54.png\" \/>\n\t<meta property=\"og:image:width\" content=\"1856\" \/>\n\t<meta property=\"og:image:height\" content=\"740\" \/>\n\t<meta property=\"og:image:type\" content=\"image\/png\" \/>\n<meta name=\"author\" content=\"info@tellfilm.ch\" \/>\n<meta name=\"twitter:card\" content=\"summary_large_image\" \/>\n<meta name=\"twitter:label1\" content=\"Written by\" \/>\n\t<meta name=\"twitter:data1\" content=\"info@tellfilm.ch\" \/>\n\t<meta name=\"twitter:label2\" content=\"Est. reading time\" \/>\n\t<meta name=\"twitter:data2\" content=\"1 minute\" \/>\n<script type=\"application\/ld+json\" class=\"yoast-schema-graph\">{\"@context\":\"https:\\\/\\\/schema.org\",\"@graph\":[{\"@type\":\"Article\",\"@id\":\"https:\\\/\\\/www.tellfilm.ch\\\/en\\\/2019\\\/07\\\/02\\\/die-eingeborenen-spielfilm\\\/#article\",\"isPartOf\":{\"@id\":\"https:\\\/\\\/www.tellfilm.ch\\\/en\\\/2019\\\/07\\\/02\\\/die-eingeborenen-spielfilm\\\/\"},\"author\":{\"name\":\"info@tellfilm.ch\",\"@id\":\"https:\\\/\\\/www.tellfilm.ch\\\/#\\\/schema\\\/person\\\/8ac2fd1e46c04131c7ea8db69e1438f9\"},\"headline\":\"Die Eingeborenen \u2013 Spielfilm\",\"datePublished\":\"2019-07-02T13:37:44+00:00\",\"dateModified\":\"2020-07-14T11:01:04+00:00\",\"mainEntityOfPage\":{\"@id\":\"https:\\\/\\\/www.tellfilm.ch\\\/en\\\/2019\\\/07\\\/02\\\/die-eingeborenen-spielfilm\\\/\"},\"wordCount\":232,\"image\":{\"@id\":\"https:\\\/\\\/www.tellfilm.ch\\\/en\\\/2019\\\/07\\\/02\\\/die-eingeborenen-spielfilm\\\/#primaryimage\"},\"thumbnailUrl\":\"https:\\\/\\\/www.tellfilm.ch\\\/wp-content\\\/uploads\\\/2020\\\/06\\\/Screenshot-2019-07-02-at-09.34.54.png\",\"inLanguage\":\"en-US\"},{\"@type\":\"WebPage\",\"@id\":\"https:\\\/\\\/www.tellfilm.ch\\\/en\\\/2019\\\/07\\\/02\\\/die-eingeborenen-spielfilm\\\/\",\"url\":\"https:\\\/\\\/www.tellfilm.ch\\\/en\\\/2019\\\/07\\\/02\\\/die-eingeborenen-spielfilm\\\/\",\"name\":\"Die Eingeborenen \u2013 Spielfilm - tellfilm\",\"isPartOf\":{\"@id\":\"https:\\\/\\\/www.tellfilm.ch\\\/#website\"},\"primaryImageOfPage\":{\"@id\":\"https:\\\/\\\/www.tellfilm.ch\\\/en\\\/2019\\\/07\\\/02\\\/die-eingeborenen-spielfilm\\\/#primaryimage\"},\"image\":{\"@id\":\"https:\\\/\\\/www.tellfilm.ch\\\/en\\\/2019\\\/07\\\/02\\\/die-eingeborenen-spielfilm\\\/#primaryimage\"},\"thumbnailUrl\":\"https:\\\/\\\/www.tellfilm.ch\\\/wp-content\\\/uploads\\\/2020\\\/06\\\/Screenshot-2019-07-02-at-09.34.54.png\",\"datePublished\":\"2019-07-02T13:37:44+00:00\",\"dateModified\":\"2020-07-14T11:01:04+00:00\",\"author\":{\"@id\":\"https:\\\/\\\/www.tellfilm.ch\\\/#\\\/schema\\\/person\\\/8ac2fd1e46c04131c7ea8db69e1438f9\"},\"breadcrumb\":{\"@id\":\"https:\\\/\\\/www.tellfilm.ch\\\/en\\\/2019\\\/07\\\/02\\\/die-eingeborenen-spielfilm\\\/#breadcrumb\"},\"inLanguage\":\"en-US\",\"potentialAction\":[{\"@type\":\"ReadAction\",\"target\":[\"https:\\\/\\\/www.tellfilm.ch\\\/en\\\/2019\\\/07\\\/02\\\/die-eingeborenen-spielfilm\\\/\"]}]},{\"@type\":\"ImageObject\",\"inLanguage\":\"en-US\",\"@id\":\"https:\\\/\\\/www.tellfilm.ch\\\/en\\\/2019\\\/07\\\/02\\\/die-eingeborenen-spielfilm\\\/#primaryimage\",\"url\":\"https:\\\/\\\/www.tellfilm.ch\\\/wp-content\\\/uploads\\\/2020\\\/06\\\/Screenshot-2019-07-02-at-09.34.54.png\",\"contentUrl\":\"https:\\\/\\\/www.tellfilm.ch\\\/wp-content\\\/uploads\\\/2020\\\/06\\\/Screenshot-2019-07-02-at-09.34.54.png\",\"width\":1856,\"height\":740},{\"@type\":\"BreadcrumbList\",\"@id\":\"https:\\\/\\\/www.tellfilm.ch\\\/en\\\/2019\\\/07\\\/02\\\/die-eingeborenen-spielfilm\\\/#breadcrumb\",\"itemListElement\":[{\"@type\":\"ListItem\",\"position\":1,\"name\":\"Startseite\",\"item\":\"https:\\\/\\\/www.tellfilm.ch\\\/\"},{\"@type\":\"ListItem\",\"position\":2,\"name\":\"Die Eingeborenen \u2013 Spielfilm\"}]},{\"@type\":\"WebSite\",\"@id\":\"https:\\\/\\\/www.tellfilm.ch\\\/#website\",\"url\":\"https:\\\/\\\/www.tellfilm.ch\\\/\",\"name\":\"tellfilm\",\"description\":\"Just another WordPress site\",\"potentialAction\":[{\"@type\":\"SearchAction\",\"target\":{\"@type\":\"EntryPoint\",\"urlTemplate\":\"https:\\\/\\\/www.tellfilm.ch\\\/?s={search_term_string}\"},\"query-input\":{\"@type\":\"PropertyValueSpecification\",\"valueRequired\":true,\"valueName\":\"search_term_string\"}}],\"inLanguage\":\"en-US\"},{\"@type\":\"Person\",\"@id\":\"https:\\\/\\\/www.tellfilm.ch\\\/#\\\/schema\\\/person\\\/8ac2fd1e46c04131c7ea8db69e1438f9\",\"name\":\"info@tellfilm.ch\",\"image\":{\"@type\":\"ImageObject\",\"inLanguage\":\"en-US\",\"@id\":\"https:\\\/\\\/secure.gravatar.com\\\/avatar\\\/36901a3f3a09a14c7f3c6a76200bdc722dd40ba4d831a169ad3dcc136fcf0c88?s=96&d=mm&r=g\",\"url\":\"https:\\\/\\\/secure.gravatar.com\\\/avatar\\\/36901a3f3a09a14c7f3c6a76200bdc722dd40ba4d831a169ad3dcc136fcf0c88?s=96&d=mm&r=g\",\"contentUrl\":\"https:\\\/\\\/secure.gravatar.com\\\/avatar\\\/36901a3f3a09a14c7f3c6a76200bdc722dd40ba4d831a169ad3dcc136fcf0c88?s=96&d=mm&r=g\",\"caption\":\"info@tellfilm.ch\"},\"url\":\"https:\\\/\\\/www.tellfilm.ch\\\/en\\\/author\\\/infotellfilm-ch\\\/\"}]}<\/script>\n<!-- \/ Yoast SEO plugin. -->","yoast_head_json":{"title":"Die Eingeborenen \u2013 Spielfilm - tellfilm","robots":{"index":"index","follow":"follow","max-snippet":"max-snippet:-1","max-image-preview":"max-image-preview:large","max-video-preview":"max-video-preview:-1"},"canonical":"https:\/\/www.tellfilm.ch\/en\/2019\/07\/02\/die-eingeborenen-spielfilm\/","og_locale":"en_US","og_type":"article","og_title":"Die Eingeborenen \u2013 Spielfilm - tellfilm","og_description":"Die Eingeborenen \u2013 Spielfilme Die beiden jungen Filmemacher Marisa Meier (Produktion) und Denis Stormer (Regie) werden diesen Sommer ihren Debutfilm \u201cDie Eingeborenen\u201d drehen. tellfilm freut sich sehr als Produktionsfirma an diesem Projekt dabei zu sein. Zum Abschluss ihres Studiums and der Filmakademie Baden-W\u00fcrtemberg haben die beiden gemeinsam das Konzept f\u00fcr die Eingeborenen entwickelt und eine [&hellip;]","og_url":"https:\/\/www.tellfilm.ch\/en\/2019\/07\/02\/die-eingeborenen-spielfilm\/","og_site_name":"tellfilm","article_published_time":"2019-07-02T13:37:44+00:00","article_modified_time":"2020-07-14T11:01:04+00:00","og_image":[{"width":1856,"height":740,"url":"https:\/\/www.tellfilm.ch\/wp-content\/uploads\/2020\/06\/Screenshot-2019-07-02-at-09.34.54.png","type":"image\/png"}],"author":"info@tellfilm.ch","twitter_card":"summary_large_image","twitter_misc":{"Written by":"info@tellfilm.ch","Est. reading time":"1 minute"},"schema":{"@context":"https:\/\/schema.org","@graph":[{"@type":"Article","@id":"https:\/\/www.tellfilm.ch\/en\/2019\/07\/02\/die-eingeborenen-spielfilm\/#article","isPartOf":{"@id":"https:\/\/www.tellfilm.ch\/en\/2019\/07\/02\/die-eingeborenen-spielfilm\/"},"author":{"name":"info@tellfilm.ch","@id":"https:\/\/www.tellfilm.ch\/#\/schema\/person\/8ac2fd1e46c04131c7ea8db69e1438f9"},"headline":"Die Eingeborenen \u2013 Spielfilm","datePublished":"2019-07-02T13:37:44+00:00","dateModified":"2020-07-14T11:01:04+00:00","mainEntityOfPage":{"@id":"https:\/\/www.tellfilm.ch\/en\/2019\/07\/02\/die-eingeborenen-spielfilm\/"},"wordCount":232,"image":{"@id":"https:\/\/www.tellfilm.ch\/en\/2019\/07\/02\/die-eingeborenen-spielfilm\/#primaryimage"},"thumbnailUrl":"https:\/\/www.tellfilm.ch\/wp-content\/uploads\/2020\/06\/Screenshot-2019-07-02-at-09.34.54.png","inLanguage":"en-US"},{"@type":"WebPage","@id":"https:\/\/www.tellfilm.ch\/en\/2019\/07\/02\/die-eingeborenen-spielfilm\/","url":"https:\/\/www.tellfilm.ch\/en\/2019\/07\/02\/die-eingeborenen-spielfilm\/","name":"Die Eingeborenen \u2013 Spielfilm - tellfilm","isPartOf":{"@id":"https:\/\/www.tellfilm.ch\/#website"},"primaryImageOfPage":{"@id":"https:\/\/www.tellfilm.ch\/en\/2019\/07\/02\/die-eingeborenen-spielfilm\/#primaryimage"},"image":{"@id":"https:\/\/www.tellfilm.ch\/en\/2019\/07\/02\/die-eingeborenen-spielfilm\/#primaryimage"},"thumbnailUrl":"https:\/\/www.tellfilm.ch\/wp-content\/uploads\/2020\/06\/Screenshot-2019-07-02-at-09.34.54.png","datePublished":"2019-07-02T13:37:44+00:00","dateModified":"2020-07-14T11:01:04+00:00","author":{"@id":"https:\/\/www.tellfilm.ch\/#\/schema\/person\/8ac2fd1e46c04131c7ea8db69e1438f9"},"breadcrumb":{"@id":"https:\/\/www.tellfilm.ch\/en\/2019\/07\/02\/die-eingeborenen-spielfilm\/#breadcrumb"},"inLanguage":"en-US","potentialAction":[{"@type":"ReadAction","target":["https:\/\/www.tellfilm.ch\/en\/2019\/07\/02\/die-eingeborenen-spielfilm\/"]}]},{"@type":"ImageObject","inLanguage":"en-US","@id":"https:\/\/www.tellfilm.ch\/en\/2019\/07\/02\/die-eingeborenen-spielfilm\/#primaryimage","url":"https:\/\/www.tellfilm.ch\/wp-content\/uploads\/2020\/06\/Screenshot-2019-07-02-at-09.34.54.png","contentUrl":"https:\/\/www.tellfilm.ch\/wp-content\/uploads\/2020\/06\/Screenshot-2019-07-02-at-09.34.54.png","width":1856,"height":740},{"@type":"BreadcrumbList","@id":"https:\/\/www.tellfilm.ch\/en\/2019\/07\/02\/die-eingeborenen-spielfilm\/#breadcrumb","itemListElement":[{"@type":"ListItem","position":1,"name":"Startseite","item":"https:\/\/www.tellfilm.ch\/"},{"@type":"ListItem","position":2,"name":"Die Eingeborenen \u2013 Spielfilm"}]},{"@type":"WebSite","@id":"https:\/\/www.tellfilm.ch\/#website","url":"https:\/\/www.tellfilm.ch\/","name":"tellfilm","description":"Just another WordPress site","potentialAction":[{"@type":"SearchAction","target":{"@type":"EntryPoint","urlTemplate":"https:\/\/www.tellfilm.ch\/?s={search_term_string}"},"query-input":{"@type":"PropertyValueSpecification","valueRequired":true,"valueName":"search_term_string"}}],"inLanguage":"en-US"},{"@type":"Person","@id":"https:\/\/www.tellfilm.ch\/#\/schema\/person\/8ac2fd1e46c04131c7ea8db69e1438f9","name":"info@tellfilm.ch","image":{"@type":"ImageObject","inLanguage":"en-US","@id":"https:\/\/secure.gravatar.com\/avatar\/36901a3f3a09a14c7f3c6a76200bdc722dd40ba4d831a169ad3dcc136fcf0c88?s=96&d=mm&r=g","url":"https:\/\/secure.gravatar.com\/avatar\/36901a3f3a09a14c7f3c6a76200bdc722dd40ba4d831a169ad3dcc136fcf0c88?s=96&d=mm&r=g","contentUrl":"https:\/\/secure.gravatar.com\/avatar\/36901a3f3a09a14c7f3c6a76200bdc722dd40ba4d831a169ad3dcc136fcf0c88?s=96&d=mm&r=g","caption":"info@tellfilm.ch"},"url":"https:\/\/www.tellfilm.ch\/en\/author\/infotellfilm-ch\/"}]}},"_links":{"self":[{"href":"https:\/\/www.tellfilm.ch\/en\/wp-json\/wp\/v2\/posts\/808","targetHints":{"allow":["GET"]}}],"collection":[{"href":"https:\/\/www.tellfilm.ch\/en\/wp-json\/wp\/v2\/posts"}],"about":[{"href":"https:\/\/www.tellfilm.ch\/en\/wp-json\/wp\/v2\/types\/post"}],"author":[{"embeddable":true,"href":"https:\/\/www.tellfilm.ch\/en\/wp-json\/wp\/v2\/users\/5"}],"replies":[{"embeddable":true,"href":"https:\/\/www.tellfilm.ch\/en\/wp-json\/wp\/v2\/comments?post=808"}],"version-history":[{"count":0,"href":"https:\/\/www.tellfilm.ch\/en\/wp-json\/wp\/v2\/posts\/808\/revisions"}],"wp:featuredmedia":[{"embeddable":true,"href":"https:\/\/www.tellfilm.ch\/en\/wp-json\/wp\/v2\/media\/810"}],"wp:attachment":[{"href":"https:\/\/www.tellfilm.ch\/en\/wp-json\/wp\/v2\/media?parent=808"}],"wp:term":[{"taxonomy":"category","embeddable":true,"href":"https:\/\/www.tellfilm.ch\/en\/wp-json\/wp\/v2\/categories?post=808"},{"taxonomy":"post_tag","embeddable":true,"href":"https:\/\/www.tellfilm.ch\/en\/wp-json\/wp\/v2\/tags?post=808"}],"curies":[{"name":"wp","href":"https:\/\/api.w.org\/{rel}","templated":true}]}}